{"id":272,"date":"2025-08-15T16:24:47","date_gmt":"2025-08-15T16:24:47","guid":{"rendered":"https:\/\/saboresmendoza.com\/barcelona\/?p=272"},"modified":"2025-08-28T18:00:06","modified_gmt":"2025-08-28T22:00:06","slug":"servicio-culinario-integral-en-barcelona","status":"publish","type":"post","link":"https:\/\/saboresmendoza.com\/barcelona\/alimentacion-integral-en-barcelona\/servicio-culinario-integral-en-barcelona\/","title":{"rendered":"Alimentaci\u00f3n Integral en Barcelona"},"content":{"rendered":"\t\t<div data-elementor-type=\"wp-post\" data-elementor-id=\"272\" class=\"elementor elementor-272\">\n\t\t\t\t<div class=\"elementor-element elementor-element-cacf1ab e-flex e-con-boxed e-con e-parent\" data-id=\"cacf1ab\" data-element_type=\"container\" data-e-type=\"container\">\n\t\t\t\t\t<div class=\"e-con-inner\">\n\t\t\t\t<div class=\"elementor-element elementor-element-921d11e elementor-widget elementor-widget-heading\" data-id=\"921d11e\" data-element_type=\"widget\" data-e-type=\"widget\" data-widget_type=\"heading.default\">\n\t\t\t\t\t<h2 class=\"elementor-heading-title elementor-size-default\">Men\u00fas Personalizados y Creativos para Celebraciones Exclusivas<\/h2>\t\t\t\t<\/div>\n\t\t\t\t<div class=\"elementor-element elementor-element-c7b69d6 elementor-widget elementor-widget-text-editor\" data-id=\"c7b69d6\" data-element_type=\"widget\" data-e-type=\"widget\" data-widget_type=\"text-editor.default\">\n\t\t\t\t\t\t\t\t\t<p>La personalizaci\u00f3n es la clave para hacer que cualquier <strong>celebraci\u00f3n en Barcelona<\/strong> sea verdaderamente especial. Los chefs y organizadores trabajan en estrecha colaboraci\u00f3n con los clientes para dise\u00f1ar men\u00fas que se ajusten a sus gustos, preferencias y requisitos espec\u00edficos. Desde platos tradicionales con un toque innovador hasta creaciones completamente originales, la creatividad es el sello distintivo de estos <strong>servicios culinarios<\/strong>. Esto permite a los anfitriones ofrecer una experiencia gastron\u00f3mica que refleje su estilo y la tem\u00e1tica del evento, creando recuerdos imborrables para todos los asistentes.<\/p><p>En las celebraciones exclusivas, la presentaci\u00f3n tambi\u00e9n juega un papel fundamental. La est\u00e9tica de los platos, el uso de ingredientes de alta calidad y la atenci\u00f3n a los detalles en la puesta en escena elevan la experiencia culinaria. La posibilidad de incorporar maridajes especiales de vinos, c\u00f3cteles personalizados o estaciones de degustaci\u00f3n tem\u00e1ticas hace que cada evento sea \u00fanico y sofisticado. Adem\u00e1s, la flexibilidad en la creaci\u00f3n de men\u00fas permite incluir opciones vegetarianas, veganas, sin gluten u otras necesidades diet\u00e9ticas, asegurando que todos los invitados se sientan considerados y satisfechos.<\/p><p>La innovaci\u00f3n en la <strong>gastronom\u00eda en Barcelona<\/strong> ha llevado a la incorporaci\u00f3n de t\u00e9cnicas modernas y presentaciones vanguardistas en los men\u00fas. Los chefs experimentan con texturas, sabores y formas para sorprender a los comensales y ofrecer una experiencia sensorial completa. La creatividad en la elaboraci\u00f3n de los men\u00fas transforma cada celebraci\u00f3n en una verdadera obra de arte culinaria, adaptada a las preferencias del cliente y las caracter\u00edsticas del evento. Esto convierte a los servicios culinarios en un elemento esencial para quienes buscan exclusividad y distinci\u00f3n en sus celebraciones.<\/p>\t\t\t\t\t\t\t\t<\/div>\n\t\t\t\t\t<\/div>\n\t\t\t\t<\/div>\n\t\t<div class=\"elementor-element elementor-element-06a7262 e-flex e-con-boxed e-con e-parent\" data-id=\"06a7262\" data-element_type=\"container\" data-e-type=\"container\">\n\t\t\t\t\t<div class=\"e-con-inner\">\n\t\t\t\t<div class=\"elementor-element elementor-element-e668004 gallery-spacing-custom elementor-widget elementor-widget-image-gallery\" data-id=\"e668004\" data-element_type=\"widget\" data-e-type=\"widget\" data-widget_type=\"image-gallery.default\">\n\t\t\t\t\t\t\t<div class=\"elementor-image-gallery\">\n\t\t\t<div id='gallery-1' class='gallery galleryid-272 gallery-columns-4 gallery-size-full'><figure class='gallery-item'>\n\t\t\t<div class='gallery-icon landscape'>\n\t\t\t\t<a data-elementor-open-lightbox=\"yes\" data-elementor-lightbox-slideshow=\"e668004\" data-elementor-lightbox-title=\"Experiencias Gastron\u00f3micas \u00danicas en Barcelona\" data-elementor-lightbox-description=\"Experiencias Gastron\u00f3micas \u00danicas en Barcelona\" data-e-action-hash=\"#elementor-action%3Aaction%3Dlightbox%26settings%3DeyJpZCI6NDg3LCJ1cmwiOiJodHRwczpcL1wvc2Fib3Jlc21lbmRvemEuY29tXC9iYXJjZWxvbmFcL3dwLWNvbnRlbnRcL3VwbG9hZHNcLzIwMjVcLzA4XC9tZW51LXZlZ2V0YXJpYW5vLTIuanBnIiwic2xpZGVzaG93IjoiZTY2ODAwNCJ9\" href='https:\/\/saboresmendoza.com\/barcelona\/wp-content\/uploads\/2025\/08\/menu-vegetariano-2.jpg'><img fetchpriority=\"high\" decoding=\"async\" width=\"1000\" height=\"1000\" src=\"https:\/\/saboresmendoza.com\/barcelona\/wp-content\/uploads\/2025\/08\/menu-vegetariano-2.jpg\" class=\"attachment-full size-full\" alt=\"Experiencias Gastron\u00f3micas \u00danicas en Barcelona\" aria-describedby=\"gallery-1-487\" srcset=\"https:\/\/saboresmendoza.com\/barcelona\/wp-content\/uploads\/2025\/08\/menu-vegetariano-2.jpg 1000w, https:\/\/saboresmendoza.com\/barcelona\/wp-content\/uploads\/2025\/08\/menu-vegetariano-2-300x300.jpg 300w, https:\/\/saboresmendoza.com\/barcelona\/wp-content\/uploads\/2025\/08\/menu-vegetariano-2-150x150.jpg 150w, https:\/\/saboresmendoza.com\/barcelona\/wp-content\/uploads\/2025\/08\/menu-vegetariano-2-768x768.jpg 768w, https:\/\/saboresmendoza.com\/barcelona\/wp-content\/uploads\/2025\/08\/menu-vegetariano-2-600x600.jpg 600w, https:\/\/saboresmendoza.com\/barcelona\/wp-content\/uploads\/2025\/08\/menu-vegetariano-2-100x100.jpg 100w, https:\/\/saboresmendoza.com\/barcelona\/wp-content\/uploads\/2025\/08\/menu-vegetariano-2-50x50.jpg 50w\" sizes=\"(max-width: 1000px) 100vw, 1000px\" \/><\/a>\n\t\t\t<\/div>\n\t\t\t\t<figcaption class='wp-caption-text gallery-caption' id='gallery-1-487'>\n\t\t\t\tExperiencias Gastron\u00f3micas \u00danicas en Barcelona\n\t\t\t\t<\/figcaption><\/figure><figure class='gallery-item'>\n\t\t\t<div class='gallery-icon landscape'>\n\t\t\t\t<a data-elementor-open-lightbox=\"yes\" data-elementor-lightbox-slideshow=\"e668004\" data-elementor-lightbox-title=\"Alimentaci\u00f3n Integral en Barcelona\" data-elementor-lightbox-description=\"Experiencias Gastron\u00f3micas \u00danicas en Barcelona\" data-e-action-hash=\"#elementor-action%3Aaction%3Dlightbox%26settings%3DeyJpZCI6NDg0LCJ1cmwiOiJodHRwczpcL1wvc2Fib3Jlc21lbmRvemEuY29tXC9iYXJjZWxvbmFcL3dwLWNvbnRlbnRcL3VwbG9hZHNcLzIwMjVcLzA4XC9BbGltZW50YWNpb24tSW50ZWdyYWwtZW4tQmFyY2Vsb25hLmpwZyIsInNsaWRlc2hvdyI6ImU2NjgwMDQifQ%3D%3D\" href='https:\/\/saboresmendoza.com\/barcelona\/wp-content\/uploads\/2025\/08\/Alimentacion-Integral-en-Barcelona.jpg'><img decoding=\"async\" width=\"1000\" height=\"1000\" data-src=\"https:\/\/saboresmendoza.com\/barcelona\/wp-content\/uploads\/2025\/08\/Alimentacion-Integral-en-Barcelona.jpg\" class=\"attachment-full size-full lazyload\" alt=\"\" data-srcset=\"https:\/\/saboresmendoza.com\/barcelona\/wp-content\/uploads\/2025\/08\/Alimentacion-Integral-en-Barcelona.jpg 1000w, https:\/\/saboresmendoza.com\/barcelona\/wp-content\/uploads\/2025\/08\/Alimentacion-Integral-en-Barcelona-300x300.jpg 300w, https:\/\/saboresmendoza.com\/barcelona\/wp-content\/uploads\/2025\/08\/Alimentacion-Integral-en-Barcelona-150x150.jpg 150w, https:\/\/saboresmendoza.com\/barcelona\/wp-content\/uploads\/2025\/08\/Alimentacion-Integral-en-Barcelona-768x768.jpg 768w, https:\/\/saboresmendoza.com\/barcelona\/wp-content\/uploads\/2025\/08\/Alimentacion-Integral-en-Barcelona-600x600.jpg 600w, https:\/\/saboresmendoza.com\/barcelona\/wp-content\/uploads\/2025\/08\/Alimentacion-Integral-en-Barcelona-100x100.jpg 100w, https:\/\/saboresmendoza.com\/barcelona\/wp-content\/uploads\/2025\/08\/Alimentacion-Integral-en-Barcelona-50x50.jpg 50w\" data-sizes=\"(max-width: 1000px) 100vw, 1000px\" src=\"data:image\/svg+xml;base64,PHN2ZyB3aWR0aD0iMSIgaGVpZ2h0PSIxIiB4bWxucz0iaHR0cDovL3d3dy53My5vcmcvMjAwMC9zdmciPjwvc3ZnPg==\" style=\"--smush-placeholder-width: 1000px; --smush-placeholder-aspect-ratio: 1000\/1000;\" \/><\/a>\n\t\t\t<\/div><\/figure><figure class='gallery-item'>\n\t\t\t<div class='gallery-icon landscape'>\n\t\t\t\t<a data-elementor-open-lightbox=\"yes\" data-elementor-lightbox-slideshow=\"e668004\" data-elementor-lightbox-title=\"desayunos\" data-elementor-lightbox-description=\"Experiencias Gastron\u00f3micas \u00danicas en Barcelona\" data-e-action-hash=\"#elementor-action%3Aaction%3Dlightbox%26settings%3DeyJpZCI6MzY4LCJ1cmwiOiJodHRwczpcL1wvc2Fib3Jlc21lbmRvemEuY29tXC9iYXJjZWxvbmFcL3dwLWNvbnRlbnRcL3VwbG9hZHNcLzIwMjVcLzA4XC9kZXNheXVub3Mud2VicCIsInNsaWRlc2hvdyI6ImU2NjgwMDQifQ%3D%3D\" href='https:\/\/saboresmendoza.com\/barcelona\/wp-content\/uploads\/2025\/08\/desayunos.webp'><img decoding=\"async\" width=\"1024\" height=\"1024\" data-src=\"https:\/\/saboresmendoza.com\/barcelona\/wp-content\/uploads\/2025\/08\/desayunos.webp\" class=\"attachment-full size-full lazyload\" alt=\"\" data-srcset=\"https:\/\/saboresmendoza.com\/barcelona\/wp-content\/uploads\/2025\/08\/desayunos.webp 1024w, https:\/\/saboresmendoza.com\/barcelona\/wp-content\/uploads\/2025\/08\/desayunos-300x300.webp 300w, https:\/\/saboresmendoza.com\/barcelona\/wp-content\/uploads\/2025\/08\/desayunos-150x150.webp 150w, https:\/\/saboresmendoza.com\/barcelona\/wp-content\/uploads\/2025\/08\/desayunos-768x768.webp 768w, https:\/\/saboresmendoza.com\/barcelona\/wp-content\/uploads\/2025\/08\/desayunos-600x600.webp 600w, https:\/\/saboresmendoza.com\/barcelona\/wp-content\/uploads\/2025\/08\/desayunos-100x100.webp 100w\" data-sizes=\"(max-width: 1024px) 100vw, 1024px\" src=\"data:image\/svg+xml;base64,PHN2ZyB3aWR0aD0iMSIgaGVpZ2h0PSIxIiB4bWxucz0iaHR0cDovL3d3dy53My5vcmcvMjAwMC9zdmciPjwvc3ZnPg==\" style=\"--smush-placeholder-width: 1024px; --smush-placeholder-aspect-ratio: 1024\/1024;\" \/><\/a>\n\t\t\t<\/div><\/figure><figure class='gallery-item'>\n\t\t\t<div class='gallery-icon landscape'>\n\t\t\t\t<a data-elementor-open-lightbox=\"yes\" data-elementor-lightbox-slideshow=\"e668004\" data-elementor-lightbox-title=\"frutos\" data-elementor-lightbox-description=\"Experiencias Gastron\u00f3micas \u00danicas en Barcelona\" data-e-action-hash=\"#elementor-action%3Aaction%3Dlightbox%26settings%3DeyJpZCI6MzY5LCJ1cmwiOiJodHRwczpcL1wvc2Fib3Jlc21lbmRvemEuY29tXC9iYXJjZWxvbmFcL3dwLWNvbnRlbnRcL3VwbG9hZHNcLzIwMjVcLzA4XC9mcnV0b3Mud2VicCIsInNsaWRlc2hvdyI6ImU2NjgwMDQifQ%3D%3D\" href='https:\/\/saboresmendoza.com\/barcelona\/wp-content\/uploads\/2025\/08\/frutos.webp'><img decoding=\"async\" width=\"1024\" height=\"1024\" data-src=\"https:\/\/saboresmendoza.com\/barcelona\/wp-content\/uploads\/2025\/08\/frutos.webp\" class=\"attachment-full size-full lazyload\" alt=\"\" data-srcset=\"https:\/\/saboresmendoza.com\/barcelona\/wp-content\/uploads\/2025\/08\/frutos.webp 1024w, https:\/\/saboresmendoza.com\/barcelona\/wp-content\/uploads\/2025\/08\/frutos-300x300.webp 300w, https:\/\/saboresmendoza.com\/barcelona\/wp-content\/uploads\/2025\/08\/frutos-150x150.webp 150w, https:\/\/saboresmendoza.com\/barcelona\/wp-content\/uploads\/2025\/08\/frutos-768x768.webp 768w, https:\/\/saboresmendoza.com\/barcelona\/wp-content\/uploads\/2025\/08\/frutos-600x600.webp 600w, https:\/\/saboresmendoza.com\/barcelona\/wp-content\/uploads\/2025\/08\/frutos-100x100.webp 100w\" data-sizes=\"(max-width: 1024px) 100vw, 1024px\" src=\"data:image\/svg+xml;base64,PHN2ZyB3aWR0aD0iMSIgaGVpZ2h0PSIxIiB4bWxucz0iaHR0cDovL3d3dy53My5vcmcvMjAwMC9zdmciPjwvc3ZnPg==\" style=\"--smush-placeholder-width: 1024px; --smush-placeholder-aspect-ratio: 1024\/1024;\" \/><\/a>\n\t\t\t<\/div><\/figure>\n\t\t<\/div>\n\t\t<\/div>\n\t\t\t\t\t\t<\/div>\n\t\t\t\t\t<\/div>\n\t\t\t\t<\/div>\n\t\t<div class=\"elementor-element elementor-element-00361cc e-flex e-con-boxed e-con e-parent\" data-id=\"00361cc\" data-element_type=\"container\" data-e-type=\"container\">\n\t\t\t\t\t<div class=\"e-con-inner\">\n\t\t\t\t<div class=\"elementor-element elementor-element-997cf03 elementor-widget elementor-widget-heading\" data-id=\"997cf03\" data-element_type=\"widget\" data-e-type=\"widget\" data-widget_type=\"heading.default\">\n\t\t\t\t\t<h2 class=\"elementor-heading-title elementor-size-default\">Experiencia Gastron\u00f3mica a Medida en Barcelona: Calidad y Sabor<\/h2>\t\t\t\t<\/div>\n\t\t\t\t<div class=\"elementor-element elementor-element-6c0dd57 elementor-widget elementor-widget-text-editor\" data-id=\"6c0dd57\" data-element_type=\"widget\" data-e-type=\"widget\" data-widget_type=\"text-editor.default\">\n\t\t\t\t\t\t\t\t\t<p>Una de las principales ventajas de contratar un <strong>servicio culinario integral en Barcelona<\/strong> es la garant\u00eda de una experiencia gastron\u00f3mica a medida, centrada en la calidad y el sabor.<\/p>\n<p>Los profesionales del sector seleccionan cuidadosamente los ingredientes, priorizando productos frescos y de temporada, para asegurar sabores aut\u00e9nticos y excepcionales en cada plato. La atenci\u00f3n al detalle en la preparaci\u00f3n y presentaci\u00f3n contribuye a que cada bocado sea una experiencia placentera y memorable.<\/p>\n<p>La experiencia en la creaci\u00f3n de men\u00fas personalizados permite a los chefs adaptar las propuestas a las preferencias del cliente y a las necesidades del evento. Desde platos tradicionales que evocan la cultura catalana hasta propuestas internacionales con un toque contempor\u00e1neo, la variedad es amplia y siempre con un objetivo claro: sorprender y deleitar a los comensales. Adem\u00e1s, la calidad en el servicio se refleja en la atenci\u00f3n del personal, que garantiza una experiencia fluida, cordial y profesional en todo momento. Barcelona, conocida por su alta gastronom\u00eda, ofrece un escenario ideal para disfrutar de sabores aut\u00e9nticos y t\u00e9cnicas innovadoras. Los servicios culinarios integrales aprovechan esta riqueza culinaria para ofrecer experiencias \u00fanicas, que combinan tradici\u00f3n y modernidad.<\/p>\n<p>La atenci\u00f3n personalizada y la pasi\u00f3n por la buena comida hacen que cada evento sea una oportunidad para disfrutar de sabores intensos y presentaciones impecables, elevando la experiencia gastron\u00f3mica a un nivel superior. En definitiva, la calidad y el sabor son los pilares que garantizan el \u00e9xito de cualquier celebraci\u00f3n en esta ciudad.<\/p>\t\t\t\t\t\t\t\t<\/div>\n\t\t<div class=\"elementor-element elementor-element-9586e9b e-con-full e-flex elementor-invisible e-con e-child\" data-id=\"9586e9b\" data-element_type=\"container\" data-e-type=\"container\" data-settings=\"{&quot;animation&quot;:&quot;fadeInDown&quot;}\">\n\t\t\t\t<div class=\"elementor-element elementor-element-d029caf elementor-widget elementor-widget-testimonial\" data-id=\"d029caf\" data-element_type=\"widget\" data-e-type=\"widget\" data-widget_type=\"testimonial.default\">\n\t\t\t\t\t\t\t<div class=\"elementor-testimonial-wrapper\">\n\t\t\t\t\t\t\t<div class=\"elementor-testimonial-content\">Experiencias Gastron\u00f3micas \u00danicas \u00bfNecesitas catering para eventos privados, meal prep a domicilio, servicio de chef privado o chef de viaje? Para los que buscan comer variado y liviano, tambi\u00e9n hay alternativas con verduras, legumbres \u00a1y\u2026 llena de sabores!<\/div>\n\t\t\t\n\t\t\t\t\t\t<div class=\"elementor-testimonial-meta elementor-has-image elementor-testimonial-image-position-aside\">\n\t\t\t\t<div class=\"elementor-testimonial-meta-inner\">\n\t\t\t\t\t\t\t\t\t\t\t<div class=\"elementor-testimonial-image\">\n\t\t\t\t\t\t\t<a href=\"https:\/\/saboresmendoza.com\/barcelona\/contacto\/\"><img decoding=\"async\" width=\"500\" height=\"500\" data-src=\"https:\/\/saboresmendoza.com\/barcelona\/wp-content\/uploads\/2025\/08\/Melisa-Bubica-Chef-Profesional-en-Barcelona.jpg\" class=\"attachment-full size-full wp-image-801 lazyload\" alt=\"\" data-srcset=\"https:\/\/saboresmendoza.com\/barcelona\/wp-content\/uploads\/2025\/08\/Melisa-Bubica-Chef-Profesional-en-Barcelona.jpg 500w, https:\/\/saboresmendoza.com\/barcelona\/wp-content\/uploads\/2025\/08\/Melisa-Bubica-Chef-Profesional-en-Barcelona-300x300.jpg 300w, https:\/\/saboresmendoza.com\/barcelona\/wp-content\/uploads\/2025\/08\/Melisa-Bubica-Chef-Profesional-en-Barcelona-150x150.jpg 150w, https:\/\/saboresmendoza.com\/barcelona\/wp-content\/uploads\/2025\/08\/Melisa-Bubica-Chef-Profesional-en-Barcelona-100x100.jpg 100w, https:\/\/saboresmendoza.com\/barcelona\/wp-content\/uploads\/2025\/08\/Melisa-Bubica-Chef-Profesional-en-Barcelona-50x50.jpg 50w\" data-sizes=\"(max-width: 500px) 100vw, 500px\" src=\"data:image\/svg+xml;base64,PHN2ZyB3aWR0aD0iMSIgaGVpZ2h0PSIxIiB4bWxucz0iaHR0cDovL3d3dy53My5vcmcvMjAwMC9zdmciPjwvc3ZnPg==\" style=\"--smush-placeholder-width: 500px; --smush-placeholder-aspect-ratio: 500\/500;\" \/><\/a>\t\t\t\t\t\t<\/div>\n\t\t\t\t\t\n\t\t\t\t\t\t\t\t\t\t<div class=\"elementor-testimonial-details\">\n\t\t\t\t\t\t\t\t\t\t\t\t\t\t<a class=\"elementor-testimonial-name\" href=\"https:\/\/saboresmendoza.com\/barcelona\/contacto\/\">Melisa Bubica<\/a>\n\t\t\t\t\t\t\t\t\t\t\t\t\t\t\t\t\t\t\t\t\t\t<a class=\"elementor-testimonial-job\" href=\"https:\/\/saboresmendoza.com\/barcelona\/contacto\/\">Dise\u00f1ador<\/a>\n\t\t\t\t\t\t\t\t\t\t\t\t\t<\/div>\n\t\t\t\t\t\t\t\t\t<\/div>\n\t\t\t<\/div>\n\t\t\t\t\t<\/div>\n\t\t\t\t\t\t<\/div>\n\t\t\t\t<\/div>\n\t\t\t\t\t<\/div>\n\t\t\t\t<\/div>\n\t\t\t\t<\/div>\n\t\t","protected":false},"excerpt":{"rendered":"<p>Men\u00fas Personalizados y Creativos para Celebraciones Exclusivas La personalizaci\u00f3n es la clave para hacer que cualquier celebraci\u00f3n en Barcelona sea verdaderamente especial. Los chefs y organizadores trabajan en estrecha colaboraci\u00f3n con los clientes para dise\u00f1ar men\u00fas que se ajusten a sus gustos, preferencias y requisitos espec\u00edficos. Desde platos tradicionales con un toque innovador hasta creaciones&hellip;&nbsp;<\/p>\n","protected":false},"author":1,"featured_media":479,"comment_status":"closed","ping_status":"closed","sticky":false,"template":"","format":"standard","meta":{"neve_meta_sidebar":"","neve_meta_container":"","neve_meta_enable_content_width":"","neve_meta_content_width":0,"neve_meta_title_alignment":"","neve_meta_author_avatar":"","neve_post_elements_order":"","neve_meta_disable_header":"","neve_meta_disable_footer":"","neve_meta_disable_title":"","footnotes":""},"categories":[30],"tags":[],"class_list":["post-272","post","type-post","status-publish","format-standard","has-post-thumbnail","hentry","category-alimentacion-integral-en-barcelona"],"_links":{"self":[{"href":"https:\/\/saboresmendoza.com\/barcelona\/wp-json\/wp\/v2\/posts\/272","targetHints":{"allow":["GET"]}}],"collection":[{"href":"https:\/\/saboresmendoza.com\/barcelona\/wp-json\/wp\/v2\/posts"}],"about":[{"href":"https:\/\/saboresmendoza.com\/barcelona\/wp-json\/wp\/v2\/types\/post"}],"author":[{"embeddable":true,"href":"https:\/\/saboresmendoza.com\/barcelona\/wp-json\/wp\/v2\/users\/1"}],"replies":[{"embeddable":true,"href":"https:\/\/saboresmendoza.com\/barcelona\/wp-json\/wp\/v2\/comments?post=272"}],"version-history":[{"count":21,"href":"https:\/\/saboresmendoza.com\/barcelona\/wp-json\/wp\/v2\/posts\/272\/revisions"}],"predecessor-version":[{"id":1253,"href":"https:\/\/saboresmendoza.com\/barcelona\/wp-json\/wp\/v2\/posts\/272\/revisions\/1253"}],"wp:featuredmedia":[{"embeddable":true,"href":"https:\/\/saboresmendoza.com\/barcelona\/wp-json\/wp\/v2\/media\/479"}],"wp:attachment":[{"href":"https:\/\/saboresmendoza.com\/barcelona\/wp-json\/wp\/v2\/media?parent=272"}],"wp:term":[{"taxonomy":"category","embeddable":true,"href":"https:\/\/saboresmendoza.com\/barcelona\/wp-json\/wp\/v2\/categories?post=272"},{"taxonomy":"post_tag","embeddable":true,"href":"https:\/\/saboresmendoza.com\/barcelona\/wp-json\/wp\/v2\/tags?post=272"}],"curies":[{"name":"wp","href":"https:\/\/api.w.org\/{rel}","templated":true}]}}